{"id":47,"date":"2015-04-21T16:16:01","date_gmt":"2015-04-21T16:16:01","guid":{"rendered":"http:\/\/www.necesidadesdelaempresa.cl\/index.php\/2015\/04\/21\/actualidad-juridica-publicada-ley-20-828-que-prohibe-que-los-dias-de-descanso-coincidan-con-feriados-establecidos-por-la-ley\/"},"modified":"2015-04-21T16:16:01","modified_gmt":"2015-04-21T16:16:01","slug":"actualidad-juridica-publicada-ley-20-828-que-prohibe-que-los-dias-de-descanso-coincidan-con-feriados-establecidos-por-la-ley","status":"publish","type":"post","link":"http:\/\/www.necesidadesdelaempresa.cl\/index.php\/2015\/04\/21\/actualidad-juridica-publicada-ley-20-828-que-prohibe-que-los-dias-de-descanso-coincidan-con-feriados-establecidos-por-la-ley\/","title":{"rendered":"[Actualidad Jur\u00eddica] Publicada Ley 20.828, que proh\u00edbe que los d\u00edas de descanso coincidan con feriados establecidos por la Ley."},"content":{"rendered":"<p>Con fecha 18 de abril del presente a\u00f1o, se publica la Ley 20.828, la cual incorpora el art\u00edculo 38 ter al C\u00f3digo del Trabajo, prescribiendo una prohibici\u00f3n de que los d\u00edas de descanso de los trabajadores del comercio, coincidan con los d\u00edas feriados establecidos en la Ley 19.973.<\/p>\n<p>Para revisar el texto integro de la norma puedes revisar el siguiente <a href=\"http:\/\/www.leychile.cl\/Navegar?idNorma=1076449&#038;idParte=&#038;idVersion=2015-04-18&#038;r=1\">link.<\/a><\/p>\n<p>La entrada <a rel=\"nofollow\" href=\"http:\/\/www.practicajuridica.cl\/actualidad-juridica-publicada-ley-20-828-que-prohibe-que-los-dias-de-descanso-coincidan-con-feriados-establecidos-por-la-ley\/\">[Actualidad Jur\u00eddica] Publicada Ley 20.828, que proh\u00edbe que los d\u00edas de descanso coincidan con feriados establecidos por la Ley.<\/a> aparece primero en <a rel=\"nofollow\" href=\"http:\/\/www.practicajuridica.cl\">Pr\u00e1ctica Jur\u00eddica<\/a>.<\/p>\n<p>Source: Derecho Laboral<\/p>\n","protected":false},"excerpt":{"rendered":"<p>Con fecha 18 de abril del presente a\u00f1o, se publica la Ley 20.828, la cual incorpora el art\u00edculo 38 ter al C\u00f3digo del Trabajo, prescribiendo una prohibici\u00f3n de que los d\u00edas de descanso de los trabajadores del comercio, coincidan con los d\u00edas feriados establecidos en la Ley 19.973. Para revisar el texto integro de la [&hellip;]<\/p>\n","protected":false},"author":1,"featured_media":0,"comment_status":"false","ping_status":"open","sticky":false,"template":"","format":"standard","meta":{"footnotes":""},"categories":[1],"tags":[],"class_list":["post-47","post","type-post","status-publish","format-standard","hentry","category-uncategorized"],"yoast_head":"<!-- This site is optimized with the Yoast SEO plugin v27.5 - https:\/\/yoast.com\/product\/yoast-seo-wordpress\/ -->\n<title>[Actualidad Jur\u00eddica] Publicada Ley 20.828, que proh\u00edbe que los d\u00edas de descanso coincidan con feriados establecidos por la Ley. - Necesidades de la empresa<\/title>\n<meta name=\"robots\" content=\"index, follow, max-snippet:-1, max-image-preview:large, max-video-preview:-1\" \/>\n<link rel=\"canonical\" href=\"http:\/\/www.necesidadesdelaempresa.cl\/index.php\/2015\/04\/21\/actualidad-juridica-publicada-ley-20-828-que-prohibe-que-los-dias-de-descanso-coincidan-con-feriados-establecidos-por-la-ley\/\" \/>\n<meta property=\"og:locale\" content=\"es_ES\" \/>\n<meta property=\"og:type\" content=\"article\" \/>\n<meta property=\"og:title\" content=\"[Actualidad Jur\u00eddica] Publicada Ley 20.828, que proh\u00edbe que los d\u00edas de descanso coincidan con feriados establecidos por la Ley. - Necesidades de la empresa\" \/>\n<meta property=\"og:description\" content=\"Con fecha 18 de abril del presente a\u00f1o, se publica la Ley 20.828, la cual incorpora el art\u00edculo 38 ter al C\u00f3digo del Trabajo, prescribiendo una prohibici\u00f3n de que los d\u00edas de descanso de los trabajadores del comercio, coincidan con los d\u00edas feriados establecidos en la Ley 19.973. Para revisar el texto integro de la [&hellip;]\" \/>\n<meta property=\"og:url\" content=\"http:\/\/www.necesidadesdelaempresa.cl\/index.php\/2015\/04\/21\/actualidad-juridica-publicada-ley-20-828-que-prohibe-que-los-dias-de-descanso-coincidan-con-feriados-establecidos-por-la-ley\/\" \/>\n<meta property=\"og:site_name\" content=\"Necesidades de la empresa\" \/>\n<meta property=\"article:published_time\" content=\"2015-04-21T16:16:01+00:00\" \/>\n<meta name=\"author\" content=\"Mnavarrete\" \/>\n<meta name=\"twitter:card\" content=\"summary_large_image\" \/>\n<meta name=\"twitter:label1\" content=\"Escrito por\" \/>\n\t<meta name=\"twitter:data1\" content=\"Mnavarrete\" \/>\n<script type=\"application\/ld+json\" class=\"yoast-schema-graph\">{\"@context\":\"https:\\\/\\\/schema.org\",\"@graph\":[{\"@type\":\"Article\",\"@id\":\"http:\\\/\\\/www.necesidadesdelaempresa.cl\\\/index.php\\\/2015\\\/04\\\/21\\\/actualidad-juridica-publicada-ley-20-828-que-prohibe-que-los-dias-de-descanso-coincidan-con-feriados-establecidos-por-la-ley\\\/#article\",\"isPartOf\":{\"@id\":\"http:\\\/\\\/www.necesidadesdelaempresa.cl\\\/index.php\\\/2015\\\/04\\\/21\\\/actualidad-juridica-publicada-ley-20-828-que-prohibe-que-los-dias-de-descanso-coincidan-con-feriados-establecidos-por-la-ley\\\/\"},\"author\":{\"name\":\"Mnavarrete\",\"@id\":\"http:\\\/\\\/www.necesidadesdelaempresa.cl\\\/#\\\/schema\\\/person\\\/aad0c21fdccd8c7105db04b042fe8448\"},\"headline\":\"[Actualidad Jur\u00eddica] Publicada Ley 20.828, que proh\u00edbe que los d\u00edas de descanso coincidan con feriados establecidos por la Ley.\",\"datePublished\":\"2015-04-21T16:16:01+00:00\",\"mainEntityOfPage\":{\"@id\":\"http:\\\/\\\/www.necesidadesdelaempresa.cl\\\/index.php\\\/2015\\\/04\\\/21\\\/actualidad-juridica-publicada-ley-20-828-que-prohibe-que-los-dias-de-descanso-coincidan-con-feriados-establecidos-por-la-ley\\\/\"},\"wordCount\":117,\"articleSection\":[\"Uncategorized\"],\"inLanguage\":\"es\"},{\"@type\":\"WebPage\",\"@id\":\"http:\\\/\\\/www.necesidadesdelaempresa.cl\\\/index.php\\\/2015\\\/04\\\/21\\\/actualidad-juridica-publicada-ley-20-828-que-prohibe-que-los-dias-de-descanso-coincidan-con-feriados-establecidos-por-la-ley\\\/\",\"url\":\"http:\\\/\\\/www.necesidadesdelaempresa.cl\\\/index.php\\\/2015\\\/04\\\/21\\\/actualidad-juridica-publicada-ley-20-828-que-prohibe-que-los-dias-de-descanso-coincidan-con-feriados-establecidos-por-la-ley\\\/\",\"name\":\"[Actualidad Jur\u00eddica] Publicada Ley 20.828, que proh\u00edbe que los d\u00edas de descanso coincidan con feriados establecidos por la Ley. - Necesidades de la empresa\",\"isPartOf\":{\"@id\":\"http:\\\/\\\/www.necesidadesdelaempresa.cl\\\/#website\"},\"datePublished\":\"2015-04-21T16:16:01+00:00\",\"author\":{\"@id\":\"http:\\\/\\\/www.necesidadesdelaempresa.cl\\\/#\\\/schema\\\/person\\\/aad0c21fdccd8c7105db04b042fe8448\"},\"breadcrumb\":{\"@id\":\"http:\\\/\\\/www.necesidadesdelaempresa.cl\\\/index.php\\\/2015\\\/04\\\/21\\\/actualidad-juridica-publicada-ley-20-828-que-prohibe-que-los-dias-de-descanso-coincidan-con-feriados-establecidos-por-la-ley\\\/#breadcrumb\"},\"inLanguage\":\"es\",\"potentialAction\":[{\"@type\":\"ReadAction\",\"target\":[\"http:\\\/\\\/www.necesidadesdelaempresa.cl\\\/index.php\\\/2015\\\/04\\\/21\\\/actualidad-juridica-publicada-ley-20-828-que-prohibe-que-los-dias-de-descanso-coincidan-con-feriados-establecidos-por-la-ley\\\/\"]}]},{\"@type\":\"BreadcrumbList\",\"@id\":\"http:\\\/\\\/www.necesidadesdelaempresa.cl\\\/index.php\\\/2015\\\/04\\\/21\\\/actualidad-juridica-publicada-ley-20-828-que-prohibe-que-los-dias-de-descanso-coincidan-con-feriados-establecidos-por-la-ley\\\/#breadcrumb\",\"itemListElement\":[{\"@type\":\"ListItem\",\"position\":1,\"name\":\"Portada\",\"item\":\"http:\\\/\\\/www.necesidadesdelaempresa.cl\\\/\"},{\"@type\":\"ListItem\",\"position\":2,\"name\":\"[Actualidad Jur\u00eddica] Publicada Ley 20.828, que proh\u00edbe que los d\u00edas de descanso coincidan con feriados establecidos por la Ley.\"}]},{\"@type\":\"WebSite\",\"@id\":\"http:\\\/\\\/www.necesidadesdelaempresa.cl\\\/#website\",\"url\":\"http:\\\/\\\/www.necesidadesdelaempresa.cl\\\/\",\"name\":\"Necesidades de la empresa\",\"description\":\"Asesor\u00eda laboral para trabajadores.\",\"potentialAction\":[{\"@type\":\"SearchAction\",\"target\":{\"@type\":\"EntryPoint\",\"urlTemplate\":\"http:\\\/\\\/www.necesidadesdelaempresa.cl\\\/?s={search_term_string}\"},\"query-input\":{\"@type\":\"PropertyValueSpecification\",\"valueRequired\":true,\"valueName\":\"search_term_string\"}}],\"inLanguage\":\"es\"},{\"@type\":\"Person\",\"@id\":\"http:\\\/\\\/www.necesidadesdelaempresa.cl\\\/#\\\/schema\\\/person\\\/aad0c21fdccd8c7105db04b042fe8448\",\"name\":\"Mnavarrete\",\"image\":{\"@type\":\"ImageObject\",\"inLanguage\":\"es\",\"@id\":\"https:\\\/\\\/secure.gravatar.com\\\/avatar\\\/b805b4462634b3f8fb0d3dfbcdbc6ca4a40347062e1f234dada7f7227231ca91?s=96&d=mm&r=g\",\"url\":\"https:\\\/\\\/secure.gravatar.com\\\/avatar\\\/b805b4462634b3f8fb0d3dfbcdbc6ca4a40347062e1f234dada7f7227231ca91?s=96&d=mm&r=g\",\"contentUrl\":\"https:\\\/\\\/secure.gravatar.com\\\/avatar\\\/b805b4462634b3f8fb0d3dfbcdbc6ca4a40347062e1f234dada7f7227231ca91?s=96&d=mm&r=g\",\"caption\":\"Mnavarrete\"},\"url\":\"http:\\\/\\\/www.necesidadesdelaempresa.cl\\\/index.php\\\/author\\\/Mnavarrete\\\/\"}]}<\/script>\n<!-- \/ Yoast SEO plugin. -->","yoast_head_json":{"title":"[Actualidad Jur\u00eddica] Publicada Ley 20.828, que proh\u00edbe que los d\u00edas de descanso coincidan con feriados establecidos por la Ley. - Necesidades de la empresa","robots":{"index":"index","follow":"follow","max-snippet":"max-snippet:-1","max-image-preview":"max-image-preview:large","max-video-preview":"max-video-preview:-1"},"canonical":"http:\/\/www.necesidadesdelaempresa.cl\/index.php\/2015\/04\/21\/actualidad-juridica-publicada-ley-20-828-que-prohibe-que-los-dias-de-descanso-coincidan-con-feriados-establecidos-por-la-ley\/","og_locale":"es_ES","og_type":"article","og_title":"[Actualidad Jur\u00eddica] Publicada Ley 20.828, que proh\u00edbe que los d\u00edas de descanso coincidan con feriados establecidos por la Ley. - Necesidades de la empresa","og_description":"Con fecha 18 de abril del presente a\u00f1o, se publica la Ley 20.828, la cual incorpora el art\u00edculo 38 ter al C\u00f3digo del Trabajo, prescribiendo una prohibici\u00f3n de que los d\u00edas de descanso de los trabajadores del comercio, coincidan con los d\u00edas feriados establecidos en la Ley 19.973. Para revisar el texto integro de la [&hellip;]","og_url":"http:\/\/www.necesidadesdelaempresa.cl\/index.php\/2015\/04\/21\/actualidad-juridica-publicada-ley-20-828-que-prohibe-que-los-dias-de-descanso-coincidan-con-feriados-establecidos-por-la-ley\/","og_site_name":"Necesidades de la empresa","article_published_time":"2015-04-21T16:16:01+00:00","author":"Mnavarrete","twitter_card":"summary_large_image","twitter_misc":{"Escrito por":"Mnavarrete"},"schema":{"@context":"https:\/\/schema.org","@graph":[{"@type":"Article","@id":"http:\/\/www.necesidadesdelaempresa.cl\/index.php\/2015\/04\/21\/actualidad-juridica-publicada-ley-20-828-que-prohibe-que-los-dias-de-descanso-coincidan-con-feriados-establecidos-por-la-ley\/#article","isPartOf":{"@id":"http:\/\/www.necesidadesdelaempresa.cl\/index.php\/2015\/04\/21\/actualidad-juridica-publicada-ley-20-828-que-prohibe-que-los-dias-de-descanso-coincidan-con-feriados-establecidos-por-la-ley\/"},"author":{"name":"Mnavarrete","@id":"http:\/\/www.necesidadesdelaempresa.cl\/#\/schema\/person\/aad0c21fdccd8c7105db04b042fe8448"},"headline":"[Actualidad Jur\u00eddica] Publicada Ley 20.828, que proh\u00edbe que los d\u00edas de descanso coincidan con feriados establecidos por la Ley.","datePublished":"2015-04-21T16:16:01+00:00","mainEntityOfPage":{"@id":"http:\/\/www.necesidadesdelaempresa.cl\/index.php\/2015\/04\/21\/actualidad-juridica-publicada-ley-20-828-que-prohibe-que-los-dias-de-descanso-coincidan-con-feriados-establecidos-por-la-ley\/"},"wordCount":117,"articleSection":["Uncategorized"],"inLanguage":"es"},{"@type":"WebPage","@id":"http:\/\/www.necesidadesdelaempresa.cl\/index.php\/2015\/04\/21\/actualidad-juridica-publicada-ley-20-828-que-prohibe-que-los-dias-de-descanso-coincidan-con-feriados-establecidos-por-la-ley\/","url":"http:\/\/www.necesidadesdelaempresa.cl\/index.php\/2015\/04\/21\/actualidad-juridica-publicada-ley-20-828-que-prohibe-que-los-dias-de-descanso-coincidan-con-feriados-establecidos-por-la-ley\/","name":"[Actualidad Jur\u00eddica] Publicada Ley 20.828, que proh\u00edbe que los d\u00edas de descanso coincidan con feriados establecidos por la Ley. - Necesidades de la empresa","isPartOf":{"@id":"http:\/\/www.necesidadesdelaempresa.cl\/#website"},"datePublished":"2015-04-21T16:16:01+00:00","author":{"@id":"http:\/\/www.necesidadesdelaempresa.cl\/#\/schema\/person\/aad0c21fdccd8c7105db04b042fe8448"},"breadcrumb":{"@id":"http:\/\/www.necesidadesdelaempresa.cl\/index.php\/2015\/04\/21\/actualidad-juridica-publicada-ley-20-828-que-prohibe-que-los-dias-de-descanso-coincidan-con-feriados-establecidos-por-la-ley\/#breadcrumb"},"inLanguage":"es","potentialAction":[{"@type":"ReadAction","target":["http:\/\/www.necesidadesdelaempresa.cl\/index.php\/2015\/04\/21\/actualidad-juridica-publicada-ley-20-828-que-prohibe-que-los-dias-de-descanso-coincidan-con-feriados-establecidos-por-la-ley\/"]}]},{"@type":"BreadcrumbList","@id":"http:\/\/www.necesidadesdelaempresa.cl\/index.php\/2015\/04\/21\/actualidad-juridica-publicada-ley-20-828-que-prohibe-que-los-dias-de-descanso-coincidan-con-feriados-establecidos-por-la-ley\/#breadcrumb","itemListElement":[{"@type":"ListItem","position":1,"name":"Portada","item":"http:\/\/www.necesidadesdelaempresa.cl\/"},{"@type":"ListItem","position":2,"name":"[Actualidad Jur\u00eddica] Publicada Ley 20.828, que proh\u00edbe que los d\u00edas de descanso coincidan con feriados establecidos por la Ley."}]},{"@type":"WebSite","@id":"http:\/\/www.necesidadesdelaempresa.cl\/#website","url":"http:\/\/www.necesidadesdelaempresa.cl\/","name":"Necesidades de la empresa","description":"Asesor\u00eda laboral para trabajadores.","potentialAction":[{"@type":"SearchAction","target":{"@type":"EntryPoint","urlTemplate":"http:\/\/www.necesidadesdelaempresa.cl\/?s={search_term_string}"},"query-input":{"@type":"PropertyValueSpecification","valueRequired":true,"valueName":"search_term_string"}}],"inLanguage":"es"},{"@type":"Person","@id":"http:\/\/www.necesidadesdelaempresa.cl\/#\/schema\/person\/aad0c21fdccd8c7105db04b042fe8448","name":"Mnavarrete","image":{"@type":"ImageObject","inLanguage":"es","@id":"https:\/\/secure.gravatar.com\/avatar\/b805b4462634b3f8fb0d3dfbcdbc6ca4a40347062e1f234dada7f7227231ca91?s=96&d=mm&r=g","url":"https:\/\/secure.gravatar.com\/avatar\/b805b4462634b3f8fb0d3dfbcdbc6ca4a40347062e1f234dada7f7227231ca91?s=96&d=mm&r=g","contentUrl":"https:\/\/secure.gravatar.com\/avatar\/b805b4462634b3f8fb0d3dfbcdbc6ca4a40347062e1f234dada7f7227231ca91?s=96&d=mm&r=g","caption":"Mnavarrete"},"url":"http:\/\/www.necesidadesdelaempresa.cl\/index.php\/author\/Mnavarrete\/"}]}},"_links":{"self":[{"href":"http:\/\/www.necesidadesdelaempresa.cl\/index.php\/wp-json\/wp\/v2\/posts\/47","targetHints":{"allow":["GET"]}}],"collection":[{"href":"http:\/\/www.necesidadesdelaempresa.cl\/index.php\/wp-json\/wp\/v2\/posts"}],"about":[{"href":"http:\/\/www.necesidadesdelaempresa.cl\/index.php\/wp-json\/wp\/v2\/types\/post"}],"author":[{"embeddable":true,"href":"http:\/\/www.necesidadesdelaempresa.cl\/index.php\/wp-json\/wp\/v2\/users\/1"}],"replies":[{"embeddable":true,"href":"http:\/\/www.necesidadesdelaempresa.cl\/index.php\/wp-json\/wp\/v2\/comments?post=47"}],"version-history":[{"count":0,"href":"http:\/\/www.necesidadesdelaempresa.cl\/index.php\/wp-json\/wp\/v2\/posts\/47\/revisions"}],"wp:attachment":[{"href":"http:\/\/www.necesidadesdelaempresa.cl\/index.php\/wp-json\/wp\/v2\/media?parent=47"}],"wp:term":[{"taxonomy":"category","embeddable":true,"href":"http:\/\/www.necesidadesdelaempresa.cl\/index.php\/wp-json\/wp\/v2\/categories?post=47"},{"taxonomy":"post_tag","embeddable":true,"href":"http:\/\/www.necesidadesdelaempresa.cl\/index.php\/wp-json\/wp\/v2\/tags?post=47"}],"curies":[{"name":"wp","href":"https:\/\/api.w.org\/{rel}","templated":true}]}}