{"id":50,"date":"2015-09-15T15:44:01","date_gmt":"2015-09-15T15:44:01","guid":{"rendered":"http:\/\/www.necesidadesdelaempresa.cl\/index.php\/2015\/09\/15\/nuevo-estatuto-docente-se-inician-trabajos-para-despachar-nuevo-proyecto\/"},"modified":"2015-09-15T15:44:01","modified_gmt":"2015-09-15T15:44:01","slug":"nuevo-estatuto-docente-se-inician-trabajos-para-despachar-nuevo-proyecto","status":"publish","type":"post","link":"http:\/\/www.necesidadesdelaempresa.cl\/index.php\/2015\/09\/15\/nuevo-estatuto-docente-se-inician-trabajos-para-despachar-nuevo-proyecto\/","title":{"rendered":"Nuevo Estatuto Docente, se inician trabajos para despachar nuevo proyecto."},"content":{"rendered":"<p>Seg\u00fan informa el portal de la C\u00e1mara de Diputados, la comisi\u00f3n de haciendo inicio los trabajos respectivo a fin de despachar el proyecto para un nuevo Estatuto Docente.<\/p>\n<h5>Algunos aspectos del proyecto<\/h5>\n<blockquote>\n<p>&#8230;El proyecto establece una cobertura universal y obligatoria para el conjunto de establecimientos que reciben financiamiento p\u00fablico (incorpora profesores de aula, educadoras de p\u00e1rvulos, educadores diferenciales y profesores t\u00e9cnico-profesionales); garantiza que los docentes, en ning\u00fan caso, ver\u00e1n reducidas sus remuneraciones por el ingreso a la carrera; define que los mayores costos ser\u00e1n asumidos por el Estado (no implica una mayor carga para los sostenedores); y respeta el r\u00e9gimen contractual de los profesionales (estatuto docente en el sistema p\u00fablico; el C\u00f3digo del Trabajo en los establecimientos particulares; y los reg\u00edmenes respectivos en educaci\u00f3n parvularia).<\/p>\n<\/blockquote>\n<p>Para revisar el proyecto y seguir la historia de este, puedes seguir el siguiente <a href=\"https:\/\/www.camara.cl\/pley\/pley_detalle.aspx?prmID=10422&#038;prmBoletin=10008-04\">link.<\/a><\/p>\n<p>La entrada <a rel=\"nofollow\" href=\"http:\/\/www.practicajuridica.cl\/nuevo-estatuto-docente-se-inician-trabajos-para-despachar-nuevo-proyecto\/\">Nuevo Estatuto Docente, se inician trabajos para despachar nuevo proyecto.<\/a> aparece primero en <a rel=\"nofollow\" href=\"http:\/\/www.practicajuridica.cl\">Pr\u00e1ctica Jur\u00eddica<\/a>.<\/p>\n<p>Source: Derecho Laboral<\/p>\n","protected":false},"excerpt":{"rendered":"<p>Seg\u00fan informa el portal de la C\u00e1mara de Diputados, la comisi\u00f3n de haciendo inicio los trabajos respectivo a fin de despachar el proyecto para un nuevo Estatuto Docente. Algunos aspectos del proyecto &#8230;El proyecto establece una cobertura universal y obligatoria para el conjunto de establecimientos que reciben financiamiento p\u00fablico (incorpora profesores de aula, educadoras de [&hellip;]<\/p>\n","protected":false},"author":1,"featured_media":0,"comment_status":"false","ping_status":"open","sticky":false,"template":"","format":"standard","meta":{"footnotes":""},"categories":[1],"tags":[],"class_list":["post-50","post","type-post","status-publish","format-standard","hentry","category-uncategorized"],"yoast_head":"<!-- This site is optimized with the Yoast SEO plugin v27.5 - https:\/\/yoast.com\/product\/yoast-seo-wordpress\/ -->\n<title>Nuevo Estatuto Docente, se inician trabajos para despachar nuevo proyecto. - Necesidades de la empresa<\/title>\n<meta name=\"robots\" content=\"index, follow, max-snippet:-1, max-image-preview:large, max-video-preview:-1\" \/>\n<link rel=\"canonical\" href=\"https:\/\/www.necesidadesdelaempresa.cl\/index.php\/2015\/09\/15\/nuevo-estatuto-docente-se-inician-trabajos-para-despachar-nuevo-proyecto\/\" \/>\n<meta property=\"og:locale\" content=\"es_ES\" \/>\n<meta property=\"og:type\" content=\"article\" \/>\n<meta property=\"og:title\" content=\"Nuevo Estatuto Docente, se inician trabajos para despachar nuevo proyecto. - Necesidades de la empresa\" \/>\n<meta property=\"og:description\" content=\"Seg\u00fan informa el portal de la C\u00e1mara de Diputados, la comisi\u00f3n de haciendo inicio los trabajos respectivo a fin de despachar el proyecto para un nuevo Estatuto Docente. Algunos aspectos del proyecto &#8230;El proyecto establece una cobertura universal y obligatoria para el conjunto de establecimientos que reciben financiamiento p\u00fablico (incorpora profesores de aula, educadoras de [&hellip;]\" \/>\n<meta property=\"og:url\" content=\"https:\/\/www.necesidadesdelaempresa.cl\/index.php\/2015\/09\/15\/nuevo-estatuto-docente-se-inician-trabajos-para-despachar-nuevo-proyecto\/\" \/>\n<meta property=\"og:site_name\" content=\"Necesidades de la empresa\" \/>\n<meta property=\"article:published_time\" content=\"2015-09-15T15:44:01+00:00\" \/>\n<meta name=\"author\" content=\"Mnavarrete\" \/>\n<meta name=\"twitter:card\" content=\"summary_large_image\" \/>\n<meta name=\"twitter:label1\" content=\"Escrito por\" \/>\n\t<meta name=\"twitter:data1\" content=\"Mnavarrete\" \/>\n\t<meta name=\"twitter:label2\" content=\"Tiempo de lectura\" \/>\n\t<meta name=\"twitter:data2\" content=\"1 minuto\" \/>\n<script type=\"application\/ld+json\" class=\"yoast-schema-graph\">{\"@context\":\"https:\\\/\\\/schema.org\",\"@graph\":[{\"@type\":\"Article\",\"@id\":\"https:\\\/\\\/www.necesidadesdelaempresa.cl\\\/index.php\\\/2015\\\/09\\\/15\\\/nuevo-estatuto-docente-se-inician-trabajos-para-despachar-nuevo-proyecto\\\/#article\",\"isPartOf\":{\"@id\":\"https:\\\/\\\/www.necesidadesdelaempresa.cl\\\/index.php\\\/2015\\\/09\\\/15\\\/nuevo-estatuto-docente-se-inician-trabajos-para-despachar-nuevo-proyecto\\\/\"},\"author\":{\"name\":\"Mnavarrete\",\"@id\":\"http:\\\/\\\/www.necesidadesdelaempresa.cl\\\/#\\\/schema\\\/person\\\/aad0c21fdccd8c7105db04b042fe8448\"},\"headline\":\"Nuevo Estatuto Docente, se inician trabajos para despachar nuevo proyecto.\",\"datePublished\":\"2015-09-15T15:44:01+00:00\",\"mainEntityOfPage\":{\"@id\":\"https:\\\/\\\/www.necesidadesdelaempresa.cl\\\/index.php\\\/2015\\\/09\\\/15\\\/nuevo-estatuto-docente-se-inician-trabajos-para-despachar-nuevo-proyecto\\\/\"},\"wordCount\":186,\"articleSection\":[\"Uncategorized\"],\"inLanguage\":\"es\"},{\"@type\":\"WebPage\",\"@id\":\"https:\\\/\\\/www.necesidadesdelaempresa.cl\\\/index.php\\\/2015\\\/09\\\/15\\\/nuevo-estatuto-docente-se-inician-trabajos-para-despachar-nuevo-proyecto\\\/\",\"url\":\"https:\\\/\\\/www.necesidadesdelaempresa.cl\\\/index.php\\\/2015\\\/09\\\/15\\\/nuevo-estatuto-docente-se-inician-trabajos-para-despachar-nuevo-proyecto\\\/\",\"name\":\"Nuevo Estatuto Docente, se inician trabajos para despachar nuevo proyecto. - Necesidades de la empresa\",\"isPartOf\":{\"@id\":\"http:\\\/\\\/www.necesidadesdelaempresa.cl\\\/#website\"},\"datePublished\":\"2015-09-15T15:44:01+00:00\",\"author\":{\"@id\":\"http:\\\/\\\/www.necesidadesdelaempresa.cl\\\/#\\\/schema\\\/person\\\/aad0c21fdccd8c7105db04b042fe8448\"},\"breadcrumb\":{\"@id\":\"https:\\\/\\\/www.necesidadesdelaempresa.cl\\\/index.php\\\/2015\\\/09\\\/15\\\/nuevo-estatuto-docente-se-inician-trabajos-para-despachar-nuevo-proyecto\\\/#breadcrumb\"},\"inLanguage\":\"es\",\"potentialAction\":[{\"@type\":\"ReadAction\",\"target\":[\"https:\\\/\\\/www.necesidadesdelaempresa.cl\\\/index.php\\\/2015\\\/09\\\/15\\\/nuevo-estatuto-docente-se-inician-trabajos-para-despachar-nuevo-proyecto\\\/\"]}]},{\"@type\":\"BreadcrumbList\",\"@id\":\"https:\\\/\\\/www.necesidadesdelaempresa.cl\\\/index.php\\\/2015\\\/09\\\/15\\\/nuevo-estatuto-docente-se-inician-trabajos-para-despachar-nuevo-proyecto\\\/#breadcrumb\",\"itemListElement\":[{\"@type\":\"ListItem\",\"position\":1,\"name\":\"Portada\",\"item\":\"http:\\\/\\\/www.necesidadesdelaempresa.cl\\\/\"},{\"@type\":\"ListItem\",\"position\":2,\"name\":\"Nuevo Estatuto Docente, se inician trabajos para despachar nuevo proyecto.\"}]},{\"@type\":\"WebSite\",\"@id\":\"http:\\\/\\\/www.necesidadesdelaempresa.cl\\\/#website\",\"url\":\"http:\\\/\\\/www.necesidadesdelaempresa.cl\\\/\",\"name\":\"Necesidades de la empresa\",\"description\":\"Asesor\u00eda laboral para trabajadores.\",\"potentialAction\":[{\"@type\":\"SearchAction\",\"target\":{\"@type\":\"EntryPoint\",\"urlTemplate\":\"http:\\\/\\\/www.necesidadesdelaempresa.cl\\\/?s={search_term_string}\"},\"query-input\":{\"@type\":\"PropertyValueSpecification\",\"valueRequired\":true,\"valueName\":\"search_term_string\"}}],\"inLanguage\":\"es\"},{\"@type\":\"Person\",\"@id\":\"http:\\\/\\\/www.necesidadesdelaempresa.cl\\\/#\\\/schema\\\/person\\\/aad0c21fdccd8c7105db04b042fe8448\",\"name\":\"Mnavarrete\",\"image\":{\"@type\":\"ImageObject\",\"inLanguage\":\"es\",\"@id\":\"https:\\\/\\\/secure.gravatar.com\\\/avatar\\\/b805b4462634b3f8fb0d3dfbcdbc6ca4a40347062e1f234dada7f7227231ca91?s=96&d=mm&r=g\",\"url\":\"https:\\\/\\\/secure.gravatar.com\\\/avatar\\\/b805b4462634b3f8fb0d3dfbcdbc6ca4a40347062e1f234dada7f7227231ca91?s=96&d=mm&r=g\",\"contentUrl\":\"https:\\\/\\\/secure.gravatar.com\\\/avatar\\\/b805b4462634b3f8fb0d3dfbcdbc6ca4a40347062e1f234dada7f7227231ca91?s=96&d=mm&r=g\",\"caption\":\"Mnavarrete\"},\"url\":\"http:\\\/\\\/www.necesidadesdelaempresa.cl\\\/index.php\\\/author\\\/Mnavarrete\\\/\"}]}<\/script>\n<!-- \/ Yoast SEO plugin. -->","yoast_head_json":{"title":"Nuevo Estatuto Docente, se inician trabajos para despachar nuevo proyecto. - Necesidades de la empresa","robots":{"index":"index","follow":"follow","max-snippet":"max-snippet:-1","max-image-preview":"max-image-preview:large","max-video-preview":"max-video-preview:-1"},"canonical":"https:\/\/www.necesidadesdelaempresa.cl\/index.php\/2015\/09\/15\/nuevo-estatuto-docente-se-inician-trabajos-para-despachar-nuevo-proyecto\/","og_locale":"es_ES","og_type":"article","og_title":"Nuevo Estatuto Docente, se inician trabajos para despachar nuevo proyecto. - Necesidades de la empresa","og_description":"Seg\u00fan informa el portal de la C\u00e1mara de Diputados, la comisi\u00f3n de haciendo inicio los trabajos respectivo a fin de despachar el proyecto para un nuevo Estatuto Docente. Algunos aspectos del proyecto &#8230;El proyecto establece una cobertura universal y obligatoria para el conjunto de establecimientos que reciben financiamiento p\u00fablico (incorpora profesores de aula, educadoras de [&hellip;]","og_url":"https:\/\/www.necesidadesdelaempresa.cl\/index.php\/2015\/09\/15\/nuevo-estatuto-docente-se-inician-trabajos-para-despachar-nuevo-proyecto\/","og_site_name":"Necesidades de la empresa","article_published_time":"2015-09-15T15:44:01+00:00","author":"Mnavarrete","twitter_card":"summary_large_image","twitter_misc":{"Escrito por":"Mnavarrete","Tiempo de lectura":"1 minuto"},"schema":{"@context":"https:\/\/schema.org","@graph":[{"@type":"Article","@id":"https:\/\/www.necesidadesdelaempresa.cl\/index.php\/2015\/09\/15\/nuevo-estatuto-docente-se-inician-trabajos-para-despachar-nuevo-proyecto\/#article","isPartOf":{"@id":"https:\/\/www.necesidadesdelaempresa.cl\/index.php\/2015\/09\/15\/nuevo-estatuto-docente-se-inician-trabajos-para-despachar-nuevo-proyecto\/"},"author":{"name":"Mnavarrete","@id":"http:\/\/www.necesidadesdelaempresa.cl\/#\/schema\/person\/aad0c21fdccd8c7105db04b042fe8448"},"headline":"Nuevo Estatuto Docente, se inician trabajos para despachar nuevo proyecto.","datePublished":"2015-09-15T15:44:01+00:00","mainEntityOfPage":{"@id":"https:\/\/www.necesidadesdelaempresa.cl\/index.php\/2015\/09\/15\/nuevo-estatuto-docente-se-inician-trabajos-para-despachar-nuevo-proyecto\/"},"wordCount":186,"articleSection":["Uncategorized"],"inLanguage":"es"},{"@type":"WebPage","@id":"https:\/\/www.necesidadesdelaempresa.cl\/index.php\/2015\/09\/15\/nuevo-estatuto-docente-se-inician-trabajos-para-despachar-nuevo-proyecto\/","url":"https:\/\/www.necesidadesdelaempresa.cl\/index.php\/2015\/09\/15\/nuevo-estatuto-docente-se-inician-trabajos-para-despachar-nuevo-proyecto\/","name":"Nuevo Estatuto Docente, se inician trabajos para despachar nuevo proyecto. - Necesidades de la empresa","isPartOf":{"@id":"http:\/\/www.necesidadesdelaempresa.cl\/#website"},"datePublished":"2015-09-15T15:44:01+00:00","author":{"@id":"http:\/\/www.necesidadesdelaempresa.cl\/#\/schema\/person\/aad0c21fdccd8c7105db04b042fe8448"},"breadcrumb":{"@id":"https:\/\/www.necesidadesdelaempresa.cl\/index.php\/2015\/09\/15\/nuevo-estatuto-docente-se-inician-trabajos-para-despachar-nuevo-proyecto\/#breadcrumb"},"inLanguage":"es","potentialAction":[{"@type":"ReadAction","target":["https:\/\/www.necesidadesdelaempresa.cl\/index.php\/2015\/09\/15\/nuevo-estatuto-docente-se-inician-trabajos-para-despachar-nuevo-proyecto\/"]}]},{"@type":"BreadcrumbList","@id":"https:\/\/www.necesidadesdelaempresa.cl\/index.php\/2015\/09\/15\/nuevo-estatuto-docente-se-inician-trabajos-para-despachar-nuevo-proyecto\/#breadcrumb","itemListElement":[{"@type":"ListItem","position":1,"name":"Portada","item":"http:\/\/www.necesidadesdelaempresa.cl\/"},{"@type":"ListItem","position":2,"name":"Nuevo Estatuto Docente, se inician trabajos para despachar nuevo proyecto."}]},{"@type":"WebSite","@id":"http:\/\/www.necesidadesdelaempresa.cl\/#website","url":"http:\/\/www.necesidadesdelaempresa.cl\/","name":"Necesidades de la empresa","description":"Asesor\u00eda laboral para trabajadores.","potentialAction":[{"@type":"SearchAction","target":{"@type":"EntryPoint","urlTemplate":"http:\/\/www.necesidadesdelaempresa.cl\/?s={search_term_string}"},"query-input":{"@type":"PropertyValueSpecification","valueRequired":true,"valueName":"search_term_string"}}],"inLanguage":"es"},{"@type":"Person","@id":"http:\/\/www.necesidadesdelaempresa.cl\/#\/schema\/person\/aad0c21fdccd8c7105db04b042fe8448","name":"Mnavarrete","image":{"@type":"ImageObject","inLanguage":"es","@id":"https:\/\/secure.gravatar.com\/avatar\/b805b4462634b3f8fb0d3dfbcdbc6ca4a40347062e1f234dada7f7227231ca91?s=96&d=mm&r=g","url":"https:\/\/secure.gravatar.com\/avatar\/b805b4462634b3f8fb0d3dfbcdbc6ca4a40347062e1f234dada7f7227231ca91?s=96&d=mm&r=g","contentUrl":"https:\/\/secure.gravatar.com\/avatar\/b805b4462634b3f8fb0d3dfbcdbc6ca4a40347062e1f234dada7f7227231ca91?s=96&d=mm&r=g","caption":"Mnavarrete"},"url":"http:\/\/www.necesidadesdelaempresa.cl\/index.php\/author\/Mnavarrete\/"}]}},"_links":{"self":[{"href":"http:\/\/www.necesidadesdelaempresa.cl\/index.php\/wp-json\/wp\/v2\/posts\/50","targetHints":{"allow":["GET"]}}],"collection":[{"href":"http:\/\/www.necesidadesdelaempresa.cl\/index.php\/wp-json\/wp\/v2\/posts"}],"about":[{"href":"http:\/\/www.necesidadesdelaempresa.cl\/index.php\/wp-json\/wp\/v2\/types\/post"}],"author":[{"embeddable":true,"href":"http:\/\/www.necesidadesdelaempresa.cl\/index.php\/wp-json\/wp\/v2\/users\/1"}],"replies":[{"embeddable":true,"href":"http:\/\/www.necesidadesdelaempresa.cl\/index.php\/wp-json\/wp\/v2\/comments?post=50"}],"version-history":[{"count":0,"href":"http:\/\/www.necesidadesdelaempresa.cl\/index.php\/wp-json\/wp\/v2\/posts\/50\/revisions"}],"wp:attachment":[{"href":"http:\/\/www.necesidadesdelaempresa.cl\/index.php\/wp-json\/wp\/v2\/media?parent=50"}],"wp:term":[{"taxonomy":"category","embeddable":true,"href":"http:\/\/www.necesidadesdelaempresa.cl\/index.php\/wp-json\/wp\/v2\/categories?post=50"},{"taxonomy":"post_tag","embeddable":true,"href":"http:\/\/www.necesidadesdelaempresa.cl\/index.php\/wp-json\/wp\/v2\/tags?post=50"}],"curies":[{"name":"wp","href":"https:\/\/api.w.org\/{rel}","templated":true}]}}