{"id":53,"date":"2015-11-20T17:03:41","date_gmt":"2015-11-20T17:03:41","guid":{"rendered":"http:\/\/www.necesidadesdelaempresa.cl\/index.php\/2015\/11\/20\/corte-suprema-condena-a-serviu-como-empresa-principal-en-regimen-de-subcontratacion\/"},"modified":"2015-11-20T17:03:41","modified_gmt":"2015-11-20T17:03:41","slug":"corte-suprema-condena-a-serviu-como-empresa-principal-en-regimen-de-subcontratacion","status":"publish","type":"post","link":"http:\/\/www.necesidadesdelaempresa.cl\/index.php\/2015\/11\/20\/corte-suprema-condena-a-serviu-como-empresa-principal-en-regimen-de-subcontratacion\/","title":{"rendered":"Corte Suprema condena a SERVIU como empresa principal en r\u00e9gimen de subcontrataci\u00f3n."},"content":{"rendered":"<p>Con fecha de ayer, la Corte Suprema, acogi\u00f3 un recurso de unificaci\u00f3n de jurisprudencia, declarando que SERVIU de Tarapac\u00e1 tiene la calidad de empresa principal, para efectos del r\u00e9gimen de subcontrataci\u00f3n y la aplicaci\u00f3n del art\u00edculo 183-a y siguientes del C\u00f3digo del Trabajo.<\/p>\n<p>Algunos pasajes a destacar de la sentencia son los siguientes:<\/p>\n<blockquote>\n<p>\n6\u00b0 Que tal como fue antes resuelto por esta Corte en los autos rol 8.646-2014 de veintis\u00e9is de enero de dos mil quince, atendido los t\u00e9rminos que utiliza el art\u00edculo 183-A del C\u00f3digo del Trabajo, debe entenderse por empresa mandante o principal a la persona natural o jur\u00eddica que siendo due\u00f1a de una obra, faena o servicio no discontinuo, externaliza su ejecuci\u00f3n o prestaci\u00f3n a un tercero llamado contratista que se compromete a llevarlo a cabo, con sus  trabajadores y bajo su direcci\u00f3n, por lo tanto, el concepto empresa est\u00e1 referido a toda organizaci\u00f3n de medios personales, materiales e inmateriales, ordenados bajo una direcci\u00f3n para el logro de fines econ\u00f3micos, sociales, culturales o ben\u00e9ficos, dotada de una individualidad legal determinada. En ese contexto, la expresi\u00f3n \u201cempresa\u201d que est\u00e1 ligada a la noci\u00f3n de due\u00f1o de la obra, faena o servicio no excluye a ciertas personas naturales o jur\u00eddicas, p\u00fablicas o privadas, porque la ley no establece otra limitaci\u00f3n que la referida a la persona natural que encarga la construcci\u00f3n de una edificaci\u00f3n por un precio \u00fanico prefijado, conforme lo establece el inciso final del art\u00edculo 183-B del C\u00f3digo del Trabajo; por lo mismo, no es relevante o no tiene incidencia en el an\u00e1lisis el hecho que la persona jur\u00eddica forme parte de la administraci\u00f3n del Estado, pues, a la luz de la primera norma citada, no constituye una circunstancia que libera de responsabilidad respecto de las obligaciones laborales y previsionales de trabajadores que se desempe\u00f1an bajo r\u00e9gimen  de subcontrataci\u00f3n.<br \/>\nSobre la materia resulta ilustrativo lo decidido por la Contralor\u00eda General de la Rep\u00fablica a trav\u00e9s del Dictamen N\u00ba 2.594, de veintiuno de enero de dos mil ocho, en el sentido que es amplio el concepto de empresa principal de que se vale el legislador, dado que abarca a cualquier persona natural o jur\u00eddica, due\u00f1a de la obra, empresa o faena en que se llevaran a cabo los trabajos o se prestar\u00e1n los servicios, sin diferenciar si  son de derecho privado o p\u00fablico, concluyendo que \u201c\u2026En este contexto, resulta forzoso colegir que deben entenderse incluidas en el concepto empresa principal, para los efectos de la preceptiva de la subcontrataci\u00f3n de que se trata, las entidades u organismos de la Administraci\u00f3n del Estado.\u201d; doctrina que, en todo caso, tambi\u00e9n surge de los Dict\u00e1menes N\u00b0 24.838 y 60.804 emitidos por el ente contralor con motivo de la aplicaci\u00f3n de los art\u00edculos 64 y 64 bis del antiguo C\u00f3digo del Trabajo. Lo anterior, conduce a la conclusi\u00f3n que la inexistencia de lucro no tiene incidencia para determinar si se est\u00e1 en presencia de un trabajo en r\u00e9gimen de subcontrataci\u00f3n, porque trat\u00e1ndose de un \u00f3rgano de la administraci\u00f3n del Estado nunca se experimentar\u00e1, dado que, en definitiva, es la comunidad la que se beneficia con la ejecuci\u00f3n de la obra o la prestaci\u00f3n del servicio;\n<\/p>\n<\/blockquote>\n<p>Y en la sentencia de reemplazo<\/p>\n<blockquote>\n<p>\n2\u00b0 Que si bien la contrataci\u00f3n de la demandada principal por parte de SERVIU a efectos de ejecutar las obras de mantenci\u00f3n de calzadas en Pozo Almonte e Iquique, es beneficio de la sociedad toda, aquello no es impedimento para atribuirle a esta \u00faltima la calidad de due\u00f1a de la obra, empresa o faena, pues es del todo procedente aquella estimaci\u00f3n atendida la consideraci\u00f3n y calidad del \u00f3rgano del Estado y p\u00fablico que detenta;<br \/>\n\t3\u00b0 Que por lo razonado, se debe hacer aplicaci\u00f3n en la especie de las disposiciones contenidas en el C\u00f3digo del Trabajo relativas al trabajo en r\u00e9gimen de subcontrataci\u00f3n contenidas en sus art\u00edculos 183 A y 183 B, pues SERVIU se ha comportado como empresa conforme al concepto que para tales efectos se dio en el motivo sexto de la sentencia de unificaci\u00f3n que antecede, a saber, toda \u201cpersona natural o jur\u00eddica que siendo due\u00f1a de una obra, faena o servicio no discontinuo, externaliza su ejecuci\u00f3n o prestaci\u00f3n a un tercero llamado contratista que se compromete a llevarlo a cabo, con sus  trabajadores y bajo su direcci\u00f3n, por lo tanto, el concepto empresa est\u00e1 referido a toda organizaci\u00f3n de medios personales, materiales e inmateriales, ordenados bajo una direcci\u00f3n para el logro de fines econ\u00f3micos, sociales, culturales o ben\u00e9ficos, dotada de una individualidad legal determinada\u201d, sin exclusi\u00f3n de personas jur\u00eddicas de ciertas personas naturales o jur\u00eddicas, sean p\u00fablicas o privadas, pues no hay regla que impida arribar a esta conclusi\u00f3n;<br \/>\n\t4\u00b0 Que entonces, el Servicio de Vivienda y Urbanizaci\u00f3n  de la Regi\u00f3n de Tarapac\u00e1 tiene el car\u00e1cter de empresa principal respecto de los demandantes, pues se colige de las normas citadas en el fallo impugnado que es la parte principal en el negocio que encomend\u00f3 a la Empresa Ingenier\u00eda y Construcci\u00f3n ESCO Limitada, en cuanto dirig\u00eda el proyecto encomendado y lo controlaba, tal como latamente lo razona la juez del grado en la consideraci\u00f3n und\u00e9cima del fallo impugnado por el Servicio demandado solidario;\n<\/p>\n<\/blockquote>\n<p>Para revisar el Recurso de unificaci\u00f3n de jurisprudencia 29088\/2014, puedes seguir el siguiente <a href=\"http:\/\/suprema.poderjudicial.cl\/SITSUPPORWEB\/ConsultaDetalleAtPublicoAccion.do?TIP_Consulta=1&#038;COD_Ubicacion=0&#038;GLS_Causa=0&#038;COD_Libro=10&#038;ROL_Recurso=29088&#038;ERA_Recurso=2014&#038;COD_Corte=1&#038;GLS_Caratulado=PE%d1A+CON+INGENIERIA+Y+CONSTRUCCION+ESCO+LIMITADA.&#038;\">link.<\/a><\/p>\n<p>La entrada <a rel=\"nofollow\" href=\"http:\/\/www.practicajuridica.cl\/corte-suprema-condena-a-serviu-como-empresa-principal-en-regimen-de-subcontratacion\/\">Corte Suprema condena a SERVIU como empresa principal en r\u00e9gimen de subcontrataci\u00f3n.<\/a> aparece primero en <a rel=\"nofollow\" href=\"http:\/\/www.practicajuridica.cl\">Pr\u00e1ctica Jur\u00eddica<\/a>.<\/p>\n<p>Source: Derecho Laboral<\/p>\n","protected":false},"excerpt":{"rendered":"<p>Con fecha de ayer, la Corte Suprema, acogi\u00f3 un recurso de unificaci\u00f3n de jurisprudencia, declarando que SERVIU de Tarapac\u00e1 tiene la calidad de empresa principal, para efectos del r\u00e9gimen de subcontrataci\u00f3n y la aplicaci\u00f3n del art\u00edculo 183-a y siguientes del C\u00f3digo del Trabajo. Algunos pasajes a destacar de la sentencia son los siguientes: 6\u00b0 Que [&hellip;]<\/p>\n","protected":false},"author":1,"featured_media":0,"comment_status":"false","ping_status":"open","sticky":false,"template":"","format":"standard","meta":{"footnotes":""},"categories":[1],"tags":[],"class_list":["post-53","post","type-post","status-publish","format-standard","hentry","category-uncategorized"],"yoast_head":"<!-- This site is optimized with the Yoast SEO plugin v27.5 - https:\/\/yoast.com\/product\/yoast-seo-wordpress\/ -->\n<title>Corte Suprema condena a SERVIU como empresa principal en r\u00e9gimen de subcontrataci\u00f3n. - Necesidades de la empresa<\/title>\n<meta name=\"robots\" content=\"index, follow, max-snippet:-1, max-image-preview:large, max-video-preview:-1\" \/>\n<link rel=\"canonical\" href=\"http:\/\/www.necesidadesdelaempresa.cl\/index.php\/2015\/11\/20\/corte-suprema-condena-a-serviu-como-empresa-principal-en-regimen-de-subcontratacion\/\" \/>\n<meta property=\"og:locale\" content=\"es_ES\" \/>\n<meta property=\"og:type\" content=\"article\" \/>\n<meta property=\"og:title\" content=\"Corte Suprema condena a SERVIU como empresa principal en r\u00e9gimen de subcontrataci\u00f3n. - Necesidades de la empresa\" \/>\n<meta property=\"og:description\" content=\"Con fecha de ayer, la Corte Suprema, acogi\u00f3 un recurso de unificaci\u00f3n de jurisprudencia, declarando que SERVIU de Tarapac\u00e1 tiene la calidad de empresa principal, para efectos del r\u00e9gimen de subcontrataci\u00f3n y la aplicaci\u00f3n del art\u00edculo 183-a y siguientes del C\u00f3digo del Trabajo. Algunos pasajes a destacar de la sentencia son los siguientes: 6\u00b0 Que [&hellip;]\" \/>\n<meta property=\"og:url\" content=\"http:\/\/www.necesidadesdelaempresa.cl\/index.php\/2015\/11\/20\/corte-suprema-condena-a-serviu-como-empresa-principal-en-regimen-de-subcontratacion\/\" \/>\n<meta property=\"og:site_name\" content=\"Necesidades de la empresa\" \/>\n<meta property=\"article:published_time\" content=\"2015-11-20T17:03:41+00:00\" \/>\n<meta name=\"author\" content=\"Mnavarrete\" \/>\n<meta name=\"twitter:card\" content=\"summary_large_image\" \/>\n<meta name=\"twitter:label1\" content=\"Escrito por\" \/>\n\t<meta name=\"twitter:data1\" content=\"Mnavarrete\" \/>\n\t<meta name=\"twitter:label2\" content=\"Tiempo de lectura\" \/>\n\t<meta name=\"twitter:data2\" content=\"5 minutos\" \/>\n<script type=\"application\/ld+json\" class=\"yoast-schema-graph\">{\"@context\":\"https:\\\/\\\/schema.org\",\"@graph\":[{\"@type\":\"Article\",\"@id\":\"http:\\\/\\\/www.necesidadesdelaempresa.cl\\\/index.php\\\/2015\\\/11\\\/20\\\/corte-suprema-condena-a-serviu-como-empresa-principal-en-regimen-de-subcontratacion\\\/#article\",\"isPartOf\":{\"@id\":\"http:\\\/\\\/www.necesidadesdelaempresa.cl\\\/index.php\\\/2015\\\/11\\\/20\\\/corte-suprema-condena-a-serviu-como-empresa-principal-en-regimen-de-subcontratacion\\\/\"},\"author\":{\"name\":\"Mnavarrete\",\"@id\":\"http:\\\/\\\/www.necesidadesdelaempresa.cl\\\/#\\\/schema\\\/person\\\/aad0c21fdccd8c7105db04b042fe8448\"},\"headline\":\"Corte Suprema condena a SERVIU como empresa principal en r\u00e9gimen de subcontrataci\u00f3n.\",\"datePublished\":\"2015-11-20T17:03:41+00:00\",\"mainEntityOfPage\":{\"@id\":\"http:\\\/\\\/www.necesidadesdelaempresa.cl\\\/index.php\\\/2015\\\/11\\\/20\\\/corte-suprema-condena-a-serviu-como-empresa-principal-en-regimen-de-subcontratacion\\\/\"},\"wordCount\":987,\"articleSection\":[\"Uncategorized\"],\"inLanguage\":\"es\"},{\"@type\":\"WebPage\",\"@id\":\"http:\\\/\\\/www.necesidadesdelaempresa.cl\\\/index.php\\\/2015\\\/11\\\/20\\\/corte-suprema-condena-a-serviu-como-empresa-principal-en-regimen-de-subcontratacion\\\/\",\"url\":\"http:\\\/\\\/www.necesidadesdelaempresa.cl\\\/index.php\\\/2015\\\/11\\\/20\\\/corte-suprema-condena-a-serviu-como-empresa-principal-en-regimen-de-subcontratacion\\\/\",\"name\":\"Corte Suprema condena a SERVIU como empresa principal en r\u00e9gimen de subcontrataci\u00f3n. - Necesidades de la empresa\",\"isPartOf\":{\"@id\":\"http:\\\/\\\/www.necesidadesdelaempresa.cl\\\/#website\"},\"datePublished\":\"2015-11-20T17:03:41+00:00\",\"author\":{\"@id\":\"http:\\\/\\\/www.necesidadesdelaempresa.cl\\\/#\\\/schema\\\/person\\\/aad0c21fdccd8c7105db04b042fe8448\"},\"breadcrumb\":{\"@id\":\"http:\\\/\\\/www.necesidadesdelaempresa.cl\\\/index.php\\\/2015\\\/11\\\/20\\\/corte-suprema-condena-a-serviu-como-empresa-principal-en-regimen-de-subcontratacion\\\/#breadcrumb\"},\"inLanguage\":\"es\",\"potentialAction\":[{\"@type\":\"ReadAction\",\"target\":[\"http:\\\/\\\/www.necesidadesdelaempresa.cl\\\/index.php\\\/2015\\\/11\\\/20\\\/corte-suprema-condena-a-serviu-como-empresa-principal-en-regimen-de-subcontratacion\\\/\"]}]},{\"@type\":\"BreadcrumbList\",\"@id\":\"http:\\\/\\\/www.necesidadesdelaempresa.cl\\\/index.php\\\/2015\\\/11\\\/20\\\/corte-suprema-condena-a-serviu-como-empresa-principal-en-regimen-de-subcontratacion\\\/#breadcrumb\",\"itemListElement\":[{\"@type\":\"ListItem\",\"position\":1,\"name\":\"Portada\",\"item\":\"http:\\\/\\\/www.necesidadesdelaempresa.cl\\\/\"},{\"@type\":\"ListItem\",\"position\":2,\"name\":\"Corte Suprema condena a SERVIU como empresa principal en r\u00e9gimen de subcontrataci\u00f3n.\"}]},{\"@type\":\"WebSite\",\"@id\":\"http:\\\/\\\/www.necesidadesdelaempresa.cl\\\/#website\",\"url\":\"http:\\\/\\\/www.necesidadesdelaempresa.cl\\\/\",\"name\":\"Necesidades de la empresa\",\"description\":\"Asesor\u00eda laboral para trabajadores.\",\"potentialAction\":[{\"@type\":\"SearchAction\",\"target\":{\"@type\":\"EntryPoint\",\"urlTemplate\":\"http:\\\/\\\/www.necesidadesdelaempresa.cl\\\/?s={search_term_string}\"},\"query-input\":{\"@type\":\"PropertyValueSpecification\",\"valueRequired\":true,\"valueName\":\"search_term_string\"}}],\"inLanguage\":\"es\"},{\"@type\":\"Person\",\"@id\":\"http:\\\/\\\/www.necesidadesdelaempresa.cl\\\/#\\\/schema\\\/person\\\/aad0c21fdccd8c7105db04b042fe8448\",\"name\":\"Mnavarrete\",\"image\":{\"@type\":\"ImageObject\",\"inLanguage\":\"es\",\"@id\":\"https:\\\/\\\/secure.gravatar.com\\\/avatar\\\/b805b4462634b3f8fb0d3dfbcdbc6ca4a40347062e1f234dada7f7227231ca91?s=96&d=mm&r=g\",\"url\":\"https:\\\/\\\/secure.gravatar.com\\\/avatar\\\/b805b4462634b3f8fb0d3dfbcdbc6ca4a40347062e1f234dada7f7227231ca91?s=96&d=mm&r=g\",\"contentUrl\":\"https:\\\/\\\/secure.gravatar.com\\\/avatar\\\/b805b4462634b3f8fb0d3dfbcdbc6ca4a40347062e1f234dada7f7227231ca91?s=96&d=mm&r=g\",\"caption\":\"Mnavarrete\"},\"url\":\"http:\\\/\\\/www.necesidadesdelaempresa.cl\\\/index.php\\\/author\\\/Mnavarrete\\\/\"}]}<\/script>\n<!-- \/ Yoast SEO plugin. -->","yoast_head_json":{"title":"Corte Suprema condena a SERVIU como empresa principal en r\u00e9gimen de subcontrataci\u00f3n. - Necesidades de la empresa","robots":{"index":"index","follow":"follow","max-snippet":"max-snippet:-1","max-image-preview":"max-image-preview:large","max-video-preview":"max-video-preview:-1"},"canonical":"http:\/\/www.necesidadesdelaempresa.cl\/index.php\/2015\/11\/20\/corte-suprema-condena-a-serviu-como-empresa-principal-en-regimen-de-subcontratacion\/","og_locale":"es_ES","og_type":"article","og_title":"Corte Suprema condena a SERVIU como empresa principal en r\u00e9gimen de subcontrataci\u00f3n. - Necesidades de la empresa","og_description":"Con fecha de ayer, la Corte Suprema, acogi\u00f3 un recurso de unificaci\u00f3n de jurisprudencia, declarando que SERVIU de Tarapac\u00e1 tiene la calidad de empresa principal, para efectos del r\u00e9gimen de subcontrataci\u00f3n y la aplicaci\u00f3n del art\u00edculo 183-a y siguientes del C\u00f3digo del Trabajo. Algunos pasajes a destacar de la sentencia son los siguientes: 6\u00b0 Que [&hellip;]","og_url":"http:\/\/www.necesidadesdelaempresa.cl\/index.php\/2015\/11\/20\/corte-suprema-condena-a-serviu-como-empresa-principal-en-regimen-de-subcontratacion\/","og_site_name":"Necesidades de la empresa","article_published_time":"2015-11-20T17:03:41+00:00","author":"Mnavarrete","twitter_card":"summary_large_image","twitter_misc":{"Escrito por":"Mnavarrete","Tiempo de lectura":"5 minutos"},"schema":{"@context":"https:\/\/schema.org","@graph":[{"@type":"Article","@id":"http:\/\/www.necesidadesdelaempresa.cl\/index.php\/2015\/11\/20\/corte-suprema-condena-a-serviu-como-empresa-principal-en-regimen-de-subcontratacion\/#article","isPartOf":{"@id":"http:\/\/www.necesidadesdelaempresa.cl\/index.php\/2015\/11\/20\/corte-suprema-condena-a-serviu-como-empresa-principal-en-regimen-de-subcontratacion\/"},"author":{"name":"Mnavarrete","@id":"http:\/\/www.necesidadesdelaempresa.cl\/#\/schema\/person\/aad0c21fdccd8c7105db04b042fe8448"},"headline":"Corte Suprema condena a SERVIU como empresa principal en r\u00e9gimen de subcontrataci\u00f3n.","datePublished":"2015-11-20T17:03:41+00:00","mainEntityOfPage":{"@id":"http:\/\/www.necesidadesdelaempresa.cl\/index.php\/2015\/11\/20\/corte-suprema-condena-a-serviu-como-empresa-principal-en-regimen-de-subcontratacion\/"},"wordCount":987,"articleSection":["Uncategorized"],"inLanguage":"es"},{"@type":"WebPage","@id":"http:\/\/www.necesidadesdelaempresa.cl\/index.php\/2015\/11\/20\/corte-suprema-condena-a-serviu-como-empresa-principal-en-regimen-de-subcontratacion\/","url":"http:\/\/www.necesidadesdelaempresa.cl\/index.php\/2015\/11\/20\/corte-suprema-condena-a-serviu-como-empresa-principal-en-regimen-de-subcontratacion\/","name":"Corte Suprema condena a SERVIU como empresa principal en r\u00e9gimen de subcontrataci\u00f3n. - Necesidades de la empresa","isPartOf":{"@id":"http:\/\/www.necesidadesdelaempresa.cl\/#website"},"datePublished":"2015-11-20T17:03:41+00:00","author":{"@id":"http:\/\/www.necesidadesdelaempresa.cl\/#\/schema\/person\/aad0c21fdccd8c7105db04b042fe8448"},"breadcrumb":{"@id":"http:\/\/www.necesidadesdelaempresa.cl\/index.php\/2015\/11\/20\/corte-suprema-condena-a-serviu-como-empresa-principal-en-regimen-de-subcontratacion\/#breadcrumb"},"inLanguage":"es","potentialAction":[{"@type":"ReadAction","target":["http:\/\/www.necesidadesdelaempresa.cl\/index.php\/2015\/11\/20\/corte-suprema-condena-a-serviu-como-empresa-principal-en-regimen-de-subcontratacion\/"]}]},{"@type":"BreadcrumbList","@id":"http:\/\/www.necesidadesdelaempresa.cl\/index.php\/2015\/11\/20\/corte-suprema-condena-a-serviu-como-empresa-principal-en-regimen-de-subcontratacion\/#breadcrumb","itemListElement":[{"@type":"ListItem","position":1,"name":"Portada","item":"http:\/\/www.necesidadesdelaempresa.cl\/"},{"@type":"ListItem","position":2,"name":"Corte Suprema condena a SERVIU como empresa principal en r\u00e9gimen de subcontrataci\u00f3n."}]},{"@type":"WebSite","@id":"http:\/\/www.necesidadesdelaempresa.cl\/#website","url":"http:\/\/www.necesidadesdelaempresa.cl\/","name":"Necesidades de la empresa","description":"Asesor\u00eda laboral para trabajadores.","potentialAction":[{"@type":"SearchAction","target":{"@type":"EntryPoint","urlTemplate":"http:\/\/www.necesidadesdelaempresa.cl\/?s={search_term_string}"},"query-input":{"@type":"PropertyValueSpecification","valueRequired":true,"valueName":"search_term_string"}}],"inLanguage":"es"},{"@type":"Person","@id":"http:\/\/www.necesidadesdelaempresa.cl\/#\/schema\/person\/aad0c21fdccd8c7105db04b042fe8448","name":"Mnavarrete","image":{"@type":"ImageObject","inLanguage":"es","@id":"https:\/\/secure.gravatar.com\/avatar\/b805b4462634b3f8fb0d3dfbcdbc6ca4a40347062e1f234dada7f7227231ca91?s=96&d=mm&r=g","url":"https:\/\/secure.gravatar.com\/avatar\/b805b4462634b3f8fb0d3dfbcdbc6ca4a40347062e1f234dada7f7227231ca91?s=96&d=mm&r=g","contentUrl":"https:\/\/secure.gravatar.com\/avatar\/b805b4462634b3f8fb0d3dfbcdbc6ca4a40347062e1f234dada7f7227231ca91?s=96&d=mm&r=g","caption":"Mnavarrete"},"url":"http:\/\/www.necesidadesdelaempresa.cl\/index.php\/author\/Mnavarrete\/"}]}},"_links":{"self":[{"href":"http:\/\/www.necesidadesdelaempresa.cl\/index.php\/wp-json\/wp\/v2\/posts\/53","targetHints":{"allow":["GET"]}}],"collection":[{"href":"http:\/\/www.necesidadesdelaempresa.cl\/index.php\/wp-json\/wp\/v2\/posts"}],"about":[{"href":"http:\/\/www.necesidadesdelaempresa.cl\/index.php\/wp-json\/wp\/v2\/types\/post"}],"author":[{"embeddable":true,"href":"http:\/\/www.necesidadesdelaempresa.cl\/index.php\/wp-json\/wp\/v2\/users\/1"}],"replies":[{"embeddable":true,"href":"http:\/\/www.necesidadesdelaempresa.cl\/index.php\/wp-json\/wp\/v2\/comments?post=53"}],"version-history":[{"count":0,"href":"http:\/\/www.necesidadesdelaempresa.cl\/index.php\/wp-json\/wp\/v2\/posts\/53\/revisions"}],"wp:attachment":[{"href":"http:\/\/www.necesidadesdelaempresa.cl\/index.php\/wp-json\/wp\/v2\/media?parent=53"}],"wp:term":[{"taxonomy":"category","embeddable":true,"href":"http:\/\/www.necesidadesdelaempresa.cl\/index.php\/wp-json\/wp\/v2\/categories?post=53"},{"taxonomy":"post_tag","embeddable":true,"href":"http:\/\/www.necesidadesdelaempresa.cl\/index.php\/wp-json\/wp\/v2\/tags?post=53"}],"curies":[{"name":"wp","href":"https:\/\/api.w.org\/{rel}","templated":true}]}}